{"id":105,"date":"2008-11-03T17:17:06","date_gmt":"2008-11-03T17:17:06","guid":{"rendered":"http:\/\/rainmen.net\/wordpress\/?p=105"},"modified":"2008-11-03T17:17:06","modified_gmt":"2008-11-03T17:17:06","slug":"eppur-si-muove","status":"publish","type":"post","link":"https:\/\/rainmen.net\/wordpress\/?p=105","title":{"rendered":"Eppur si muove"},"content":{"rendered":"<p><font class=\"Apple-style-span\" face=\"arial, helvetica, sans-serif\"><i><span class=\"Apple-style-span\" style=\"font-size: small; \">di Giovanni Cavazzuti<\/span><\/i><\/font><\/p>\n<p><font class=\"Apple-style-span\" color=\"#FF0000\"><font class=\"Apple-style-span\" face=\"arial, helvetica, sans-serif\"><span class=\"Apple-style-span\" style=\"font-size: small; \">Nuova vittoria del Coordinamento motociclisti sul tema della sicurezza!<\/span><\/font><\/font><\/p>\n<p><span class=\"Apple-style-span\" style=\"border-collapse: collapse; \"><span class=\"Apple-style-span\" style=\"white-space: pre; \"><span class=\"Apple-style-span\" style=\"border-collapse: separate; white-space: normal; \"><font class=\"Apple-style-span\" face=\"arial, helvetica, sans-serif\"><span class=\"Apple-style-span\" style=\"font-size: small; \"><font class=\"Apple-style-span\" color=\"#000000\">Circa due mesi fa parlavamo di sicurezza sulle strade e di motociclisti incastrati sotto i guard-rail. Ora Il Coordinamento motociclisti ci avvisa che:<\/font><\/span><\/font><\/span><\/span><\/span><\/p>\n<p><span class=\"Apple-style-span\" style=\"border-collapse: collapse; color: rgb(0, 0, 0); font-family: arial; \"><span class=\"Apple-style-span\" style=\"font-family: '-webkit-monospace'; white-space: pre; \"><font class=\"Apple-style-span\" color=\"#333333\" face=\"verdana\"><span class=\"Apple-style-span\" style=\"font-size: small; \"><span class=\"Apple-style-span\" style=\"border-collapse: separate; white-space: normal; \"><\/span><\/span><\/font><span class=\"Apple-style-span\" style=\"font-size: small; \">\u00abVarese &#8211; Tangenziale Nor-Est; a sei mesi dalla nostra denuncia ecco i primi guard-rail sicuri per i motociclisti\u00bb<\/span><\/span><\/span><\/p>\n<p><span class=\"Apple-style-span\" style=\"border-collapse: collapse; color: rgb(0, 0, 0); font-family: arial; \"><span class=\"Apple-style-span\" style=\"font-family: '-webkit-monospace'; white-space: pre; \"><span class=\"Apple-style-span\" style=\"font-size: small; \">\u00abC<\/span><\/span><span class=\"Apple-style-span\" style=\"font-size: small; \">ome ricorderete ad Aprile 2008 il Cordinamento denunci\u00f2 in modo chiaro che le nuove infrastrutture adottate dalla Provincia di Varese allo svincolo del Ponte di Vedano non corrispondevano a nessun criterio di sicurezza per motociclisti e ciclisti.\u00a0<\/span><span class=\"Apple-style-span\" style=\"font-family: '-webkit-monospace'; white-space: pre; \"><span class=\"Apple-style-span\" style=\"font-size: small; \">A<\/span><\/span><span class=\"Apple-style-span\" style=\"font-size: small; \">ttraverso le pagine de &quot;La Provincia&quot; arrivarono le immediate rassicurazioni di Aldo Simeoni, Assessore alla Viabilit\u00e0, che in pochi mesi si sono concretizzate nell&#8217;installazione delle protezioni salva motociclisti nei punti a rischio dei primi 1700 mt della Tangenziale Nord-Est.<\/span><\/span><\/p>\n<p><span class=\"Apple-style-span\" style=\"border-collapse: collapse; font-family: arial; \"><span class=\"Apple-style-span\" style=\"font-family: '-webkit-monospace'; white-space: pre; \"><font class=\"Apple-style-span\" color=\"#FF0000\"><span class=\"Apple-style-span\" style=\"font-size: small; \">L<\/span><\/font><\/span><font class=\"Apple-style-span\" color=\"#FF0000\"><span class=\"Apple-style-span\" style=\"font-size: small; \">e protezioni, del tipo DR46 prodotti dalla Snoline, sono state montate lungo il primo lotto della nuova tangenziale e sulle barriere intorno alla nuova rotonda di Viale Valganna.<\/span><\/font><\/span><\/p>\n<p><span class=\"Apple-style-span\" style=\"border-collapse: collapse; font-family: arial; \"><font class=\"Apple-style-span\" color=\"#FF0000\"><span class=\"Apple-style-span\" style=\"font-size: small; \"><\/span><\/font><\/span><\/p>\n<p><span class=\"Apple-style-span\" style=\"border-collapse: collapse; color: rgb(0, 0, 0); font-family: arial; \"><\/p>\n<p><!-- s9ymdb:157 --><img loading=\"lazy\" decoding=\"async\" width=\"700\" height=\"423\" style=\"border-top-width: 0px; border-right-width: 0px; border-bottom-width: 0px; border-left-width: 0px; border-style: initial; border-color: initial; padding-left: 5px; padding-right: 5px; \" src=\"\/blog\/uploads\/ascolta.jpg\" \/><\/p>\n<p><span class=\"Apple-style-span\" style=\"white-space: pre; \"><span class=\"Apple-style-span\" style=\"font-size: small; \"><font class=\"Apple-style-span\" face=\"arial, helvetica, sans-serif\">I<\/font><\/span><\/span><span class=\"Apple-style-span\" style=\"font-size: small; \"><font class=\"Apple-style-span\" face=\"arial, helvetica, sans-serif\">l Coordinamento Motociclisti vuole ringraziare pubblicamente la Provincia di Varese e gli altri Enti coinvolti per l&#8217;ascolto e per l&#8217;impegno profuso nel risolvere in tempi cos\u00ec brevi una problematica tanto importante per tutti gli Utenti delle due ruote, ribadendo la necessit\u00e0 di rivolgere le stesse attenzioni anche a tratti di strada gi\u00e0 esistenti, tra cui il gi\u00e0 citato svincolo Ponte di Vedano\u00bb.<\/font><\/span><\/p>\n<p \/>\n<p><span class=\"Apple-style-span\" style=\"white-space: pre; \"><span class=\"Apple-style-span\" style=\"font-size: small; \"><font class=\"Apple-style-span\" face=\"arial, helvetica, sans-serif\">Qualcosa si muove, speriamo di ricevere presto altre buone notizie<\/font><\/span><\/span><\/p>\n<p \/>\n<pre><p><span class=\"Apple-style-span\" style=\"font-size: small; \"><font class=\"Apple-style-span\" face=\"arial, helvetica, sans-serif\">Coordinamento Motociclisti<\/font><\/span><\/p><p><span class=\"Apple-style-span\" style=\"font-family: '-webkit-monospace'; white-space: pre; \"><a href=\"http:\/\/www.cmfem.it\" style=\"text-decoration: none; \"><font class=\"Apple-style-span\" color=\"#000033\"><span class=\"Apple-style-span\" style=\"font-size: small; \">w<\/span><\/font><font class=\"Apple-style-span\" face=\"arial\"><span class=\"Apple-style-span\" style=\"white-space: normal; \"><font class=\"Apple-style-span\" color=\"#000033\"><span class=\"Apple-style-span\" style=\"font-size: small; \">ww.cmfem.it<\/span><\/font><\/span><\/font><\/a><\/span><\/p><span class=\"Apple-style-span\" style=\"font-size: small; \"><p><span class=\"Apple-style-span\" style=\"font-family: '-webkit-monospace'; white-space: pre; \"><span class=\"Apple-style-span\" style=\"font-size: small; \">3<\/span><\/span><span class=\"Apple-style-span\" style=\"font-size: small; \">48-5200167<\/span><\/p><\/span>\n\n\n\n\n<\/pre>\n<p><\/span><\/p>\n","protected":false},"excerpt":{"rendered":"<p>di Giovanni Cavazzuti Nuova vittoria del Coordinamento motociclisti sul tema della sicurezza! Circa due mesi fa parlavamo di sicurezza sulle strade e di motociclisti incastrati sotto i guard-rail. Ora Il Coordinamento motociclisti ci avvisa che: \u00abVarese &#8211; Tangenziale Nor-Est; a sei mesi dalla nostra denuncia ecco i primi guard-rail sicuri per i motociclisti\u00bb \u00abCome ricorderete&hellip; <a class=\"more-link\" href=\"https:\/\/rainmen.net\/wordpress\/?p=105\">Continue reading <span class=\"screen-reader-text\">Eppur si muove<\/span><\/a><\/p>\n","protected":false},"author":1,"featured_media":0,"comment_status":"open","ping_status":"open","sticky":false,"template":"","format":"standard","meta":{"footnotes":""},"categories":[5],"tags":[],"class_list":["post-105","post","type-post","status-publish","format-standard","hentry","category-18-archivio","entry"],"_links":{"self":[{"href":"https:\/\/rainmen.net\/wordpress\/index.php?rest_route=\/wp\/v2\/posts\/105","targetHints":{"allow":["GET"]}}],"collection":[{"href":"https:\/\/rainmen.net\/wordpress\/index.php?rest_route=\/wp\/v2\/posts"}],"about":[{"href":"https:\/\/rainmen.net\/wordpress\/index.php?rest_route=\/wp\/v2\/types\/post"}],"author":[{"embeddable":true,"href":"https:\/\/rainmen.net\/wordpress\/index.php?rest_route=\/wp\/v2\/users\/1"}],"replies":[{"embeddable":true,"href":"https:\/\/rainmen.net\/wordpress\/index.php?rest_route=%2Fwp%2Fv2%2Fcomments&post=105"}],"version-history":[{"count":0,"href":"https:\/\/rainmen.net\/wordpress\/index.php?rest_route=\/wp\/v2\/posts\/105\/revisions"}],"wp:attachment":[{"href":"https:\/\/rainmen.net\/wordpress\/index.php?rest_route=%2Fwp%2Fv2%2Fmedia&parent=105"}],"wp:term":[{"taxonomy":"category","embeddable":true,"href":"https:\/\/rainmen.net\/wordpress\/index.php?rest_route=%2Fwp%2Fv2%2Fcategories&post=105"},{"taxonomy":"post_tag","embeddable":true,"href":"https:\/\/rainmen.net\/wordpress\/index.php?rest_route=%2Fwp%2Fv2%2Ftags&post=105"}],"curies":[{"name":"wp","href":"https:\/\/api.w.org\/{rel}","templated":true}]}}